{"id":7623,"date":"2022-12-23T10:23:44","date_gmt":"2022-12-23T10:23:44","guid":{"rendered":"https:\/\/j2servid.com\/j2-servid-cierra-su-paso-por-empack-madrid-con-una-valoracion-muy-positiva\/"},"modified":"2024-06-17T07:25:29","modified_gmt":"2024-06-17T07:25:29","slug":"j2-servid-cierra-su-paso-por-empack-madrid-con-una-valoracion-muy-positiva","status":"publish","type":"post","link":"https:\/\/j2servid.com\/ca\/blog\/ferias-ca\/j2-servid-cierra-su-paso-por-empack-madrid-con-una-valoracion-muy-positiva\/","title":{"rendered":"Tanquem el nostre pas per Empack Madrid amb una valoraci\u00f3 molt positiva"},"content":{"rendered":"\n<p>La quantitat de visitants i les interaccions comercials, juntament amb l&#8217;organitzaci\u00f3 de la pon\u00e8ncia <strong>\u201cLes responsabilitats ocultes del carregador i la import\u00e0ncia de les fitxes d&#8217;estiba despr\u00e9s del RD\u201d<\/strong> han fet d&#8217;aquesta, una edici\u00f3 molt especial per a J2 Servid.<\/p>\n\n\n\n<p>Tot just una setmana despr\u00e9s de la celebraci\u00f3 d&#8217;Empack Madrid, arriba el moment de fer balan\u00e7. Un balan\u00e7 que, en paraules del nostre gerent, <strong>Carles Font<\/strong>, \u201c\u00e9s m\u00e9s que positiu. La participaci\u00f3 a la fira ha estat molt elevada, cosa que per a les empreses expositores sempre \u00e9s benefici\u00f3s\u201d.<\/p>\n\n\n\n<p>A m\u00e9s, aquesta fira ha tingut un toc especial per a J2 Servid, que a m\u00e9s de patrocinar una de les sales de confer\u00e8ncies, la Sala Empack, ha organitzat una de les pon\u00e8ncies m\u00e9s reveladores per al sector: \u201cLes responsabilitats ocultes del carregador i la import\u00e0ncia de fitxes d&#8217;estiba despr\u00e9s del RD\u201d.<\/p>\n\n\n\n<p><strong>Carlos Hern\u00e1ndez Barrueco<\/strong> i <strong>Eva Mar\u00eda Hern\u00e1ndez Ramos<\/strong>, creadors de les fitxes d&#8217;estiba i co presidents al Comit\u00e8 T\u00e8cnic de la norma EUMOS 40674:2021, van organitzar al costat de J2 Servid una xerrada per con\u00e8ixer les \u00faltimes modificacions i normatives del nou RD 03\/2022 (les mesures per a la millora de la sostenibilitat del transport de mercaderies per carretera i del funcionament de la cadena log\u00edstica).<br><\/p>\n\n\n\n<figure class=\"wp-block-image size-large\"><img fetchpriority=\"high\" decoding=\"async\" width=\"1024\" height=\"768\" src=\"https:\/\/j2servid.com\/wp-content\/uploads\/2022\/12\/photo1666861157-1024x768.jpeg\" alt=\"\" class=\"wp-image-7593\" srcset=\"https:\/\/j2servid.com\/wp-content\/uploads\/2022\/12\/photo1666861157-1024x768.jpeg 1024w, https:\/\/j2servid.com\/wp-content\/uploads\/2022\/12\/photo1666861157-300x225.jpeg 300w, https:\/\/j2servid.com\/wp-content\/uploads\/2022\/12\/photo1666861157-768x576.jpeg 768w, https:\/\/j2servid.com\/wp-content\/uploads\/2022\/12\/photo1666861157.jpeg 1280w\" sizes=\"(max-width: 1024px) 100vw, 1024px\" \/><\/figure>\n\n\n\n<p>En aquest sentit, v\u00e0rem presentar ProSmart, una novetat de J2 Servid que inclou dos serveis: per una banda, la creaci\u00f3 de fitxes d&#8217;estiba i, de l&#8217;altra, una plataforma e-learning amb la formaci\u00f3 necess\u00e0ria per poder con\u00e8ixer i estibar la mercaderia seguint les normes europees.<\/p>\n\n\n\n<p>Amb tot aix\u00f2, J2 Servid tanquem el pas per Empack, amb la vista posada a Empack i Logistics &amp; Automation Porto.<\/p>\n","protected":false},"excerpt":{"rendered":"<p>La quantitat de visitants i les interaccions comercials, juntament amb l&#8217;organitzaci\u00f3 de la pon\u00e8ncia \u201cLes responsabilitats ocultes del carregador i la import\u00e0ncia de les fitxes d&#8217;estiba despr\u00e9s del RD\u201d han fet d&#8217;aquesta, una edici\u00f3 molt especial per a J2 Servid. Tot just una setmana despr\u00e9s de la celebraci\u00f3 d&#8217;Empack Madrid, arriba el moment de fer [&hellip;]<\/p>\n","protected":false},"author":7,"featured_media":7597,"comment_status":"open","ping_status":"open","sticky":false,"template":"","format":"standard","meta":{"_acf_changed":false,"footnotes":""},"categories":[36],"tags":[],"class_list":["post-7623","post","type-post","status-publish","format-standard","has-post-thumbnail","hentry","category-ferias"],"acf":[],"_links":{"self":[{"href":"https:\/\/j2servid.com\/ca\/wp-json\/wp\/v2\/posts\/7623","targetHints":{"allow":["GET"]}}],"collection":[{"href":"https:\/\/j2servid.com\/ca\/wp-json\/wp\/v2\/posts"}],"about":[{"href":"https:\/\/j2servid.com\/ca\/wp-json\/wp\/v2\/types\/post"}],"author":[{"embeddable":true,"href":"https:\/\/j2servid.com\/ca\/wp-json\/wp\/v2\/users\/7"}],"replies":[{"embeddable":true,"href":"https:\/\/j2servid.com\/ca\/wp-json\/wp\/v2\/comments?post=7623"}],"version-history":[{"count":1,"href":"https:\/\/j2servid.com\/ca\/wp-json\/wp\/v2\/posts\/7623\/revisions"}],"predecessor-version":[{"id":7628,"href":"https:\/\/j2servid.com\/ca\/wp-json\/wp\/v2\/posts\/7623\/revisions\/7628"}],"wp:featuredmedia":[{"embeddable":true,"href":"https:\/\/j2servid.com\/ca\/wp-json\/wp\/v2\/media\/7597"}],"wp:attachment":[{"href":"https:\/\/j2servid.com\/ca\/wp-json\/wp\/v2\/media?parent=7623"}],"wp:term":[{"taxonomy":"category","embeddable":true,"href":"https:\/\/j2servid.com\/ca\/wp-json\/wp\/v2\/categories?post=7623"},{"taxonomy":"post_tag","embeddable":true,"href":"https:\/\/j2servid.com\/ca\/wp-json\/wp\/v2\/tags?post=7623"}],"curies":[{"name":"wp","href":"https:\/\/api.w.org\/{rel}","templated":true}]}}